{"id":15694,"date":"2022-10-21T18:23:37","date_gmt":"2022-10-21T15:23:37","guid":{"rendered":"https:\/\/crjm.org\/?p=15694"},"modified":"2023-04-18T12:26:02","modified_gmt":"2023-04-18T09:26:02","slug":"lrcm-is-looking-to-contract-it-services-for-two-years","status":"publish","type":"post","link":"https:\/\/crjm.org\/en\/lrcm-is-looking-to-contract-it-services-for-two-years\/15694\/","title":{"rendered":"LRCM is looking to contract IT services for two years"},"content":{"rendered":"\n<p class=\"has-black-color has-text-color\"><span style=\"color: #000000;\"><strong><strong>Centrul de Resurse Juridice anun\u021b\u0103 concurs public pentru contractarea unei persoane fizice sau juridice care s\u0103 ofere servicii IT pe o perioad\u0103 de doi ani, noiembrie 2022 \u2013 octombrie 2024.<\/strong><\/strong><\/span><\/p>\n\n\n\n<div style=\"height:20px\" aria-hidden=\"true\" class=\"wp-block-spacer\"><\/div>\n\n\n\n<p class=\"has-black-color has-text-color\"><span style=\"color: #000000;\">Persoana odat\u0103 selectat\u0103 va avea de prestat urm\u0103toarele servicii:<\/span><\/p>\n\n\n\n<div style=\"height:20px\" aria-hidden=\"true\" class=\"wp-block-spacer\"><\/div>\n\n\n\n<ul class=\"has-black-color has-text-color wp-block-list\">\n<li>Optimizarea func\u021bion\u0103rii sistemelor de operare, notebook, desktop;<\/li>\n\n\n\n<li>Mentenan\u021ba, configurarea re\u021belei LAN, configurare routere, gateway, VPN;<\/li>\n\n\n\n<li>Mentenan\u021ba NAS, imprimante, copiatoare multifunc\u021bionale, proiector \u0219i alte echipamente;<\/li>\n\n\n\n<li>Administrarea conturilor de mail ale organiza\u021biei, Microsoft Office365;<\/li>\n\n\n\n<li>Mentenan\u021ba pentru sincronizare \u0219i backup de date OneDrive;<\/li>\n\n\n\n<li>Instalarea \u0219i configurarea de software necesar organiza\u021biei (office, antivirus, arhivator etc.), configurare client de mail Outlook;<\/li>\n\n\n\n<li>Asisten\u021b\u0103 tehnic\u0103 \u00een ceea ce prive\u0219te utilizarea de software;<\/li>\n\n\n\n<li>Men\u021binerea securit\u0103\u021bii conturilor, dispozitivelor \u0219i conexiunilor;<\/li>\n\n\n\n<li>Suport IT HELP- DESK online, la distan\u021b\u0103 \u0219i telefonic;<\/li>\n\n\n\n<li>Optimizarea fiec\u0103rui sistem informatic, instalarea de update-uri;<\/li>\n\n\n\n<li>Eliminarea \u0219i corectarea problemelor depistate, recomand\u0103ri de upgrade pentru eficientizarea modului de lucru, dup\u0103 caz.<\/li>\n<\/ul>\n\n\n\n<div style=\"height:20px\" aria-hidden=\"true\" class=\"wp-block-spacer\"><\/div>\n\n\n\n<p class=\"has-black-color has-text-color\"><span style=\"color: #000000;\">Oferta de participare la concurs trebuie depus\u0103 prin email la <a href=\"mailto:applications@crjm.org\">applications@crjm.org<\/a> p\u00e2n\u0103 la data de <strong>7 noiembrie 2022, ora 11.00. Aceasta trebuie s\u0103 includ\u0103, printre altele,<\/strong><\/span><\/p>\n\n\n\n<div style=\"height:20px\" aria-hidden=\"true\" class=\"wp-block-spacer\"><\/div>\n\n\n\n<ul class=\"has-black-color has-text-color wp-block-list\">\n<li>Copia certificatului de \u00eenregistrare pentru persoan\u0103 juridic\u0103 (indic\u00e2nd persoana responsabil\u0103 de executarea lucr\u0103rilor cu anexarea CV-ului acesteia) \u0219i CV-ul actualizat pentru persoana fizic\u0103;<\/li>\n\n\n\n<li>Referin\u0163ele de la 2 persoane cu care a\u021bi colaborat \u00een ultimii 3 ani (datele de contact). Prin depunerea dosarului, ofertantul\/a consimte implicit verificarea de c\u0103tre CRJM a informa\u021biei furnizate.<\/li>\n\n\n\n<li>Oferta financiar\u0103, cu includerea pre\u021bului pentru serviciile de asisten\u021b\u0103 IT (per or\u0103). Pre\u021burile vor fi indicate \u00een dolari SUA. Persoanele fizice vor indica pre\u021bul NET. Persoanele juridice vor indica pre\u021bul, inclusiv TVA. De asemenea, persoanele juridice vor indica disponibilitatea livr\u0103rilor cu aplicarea scutirii de TVA cu drept de deducere, la prezentarea documentelor confirmative de c\u0103tre Beneficiar.<\/li>\n<\/ul>\n\n\n\n<div style=\"height:20px\" aria-hidden=\"true\" class=\"wp-block-spacer\"><\/div>\n\n\n\n<p class=\"has-black-color has-text-color\"><span style=\"color: #000000;\">Compararea ofertelor financiare se va face \u00een dolari SUA. Ofertele prezentate \u00een alt\u0103 valut\u0103 vor fi convertite la cursul oficial al BNM din data limit\u0103 pentru prezentarea ofertelor.<\/span><\/p>\n\n\n\n<div style=\"height:20px\" aria-hidden=\"true\" class=\"wp-block-spacer\"><\/div>\n\n\n\n<p class=\"has-black-color has-text-color\"><span style=\"color: #000000;\"><strong>Pre\u021burile indicate \u00een ofert\u0103 vor fi fixe \u015fi nu vor putea fi schimbate pe durata contractului (2 ani), f\u0103r\u0103 motive \u00eentemeiate \u0219i f\u0103r\u0103 consim\u021b\u0103m\u00e2ntul Asocia\u021biei.<\/strong><\/span><\/p>\n\n\n\n<div style=\"height:20px\" aria-hidden=\"true\" class=\"wp-block-spacer\"><\/div>\n\n\n\n<p class=\"has-black-color has-text-color\"><span style=\"color: #000000;\"><strong>Pentru toate detaliile<\/strong> ofertei de participare \u0219i pentru criteriile de evaluare v\u0103 rug\u0103m s\u0103 consulta\u021bi termenii \u0219i condi\u021biile concursului la <a href=\"https:\/\/crjm.org\/wp-content\/uploads\/2022\/10\/22.10.19-ToR_asistenta-IT.pdf\" target=\"_blank\" rel=\"noreferrer noopener\"><strong>linkul de aici<\/strong><\/a>. &nbsp;&nbsp;<\/span><\/p>\n\n\n\n<div style=\"height:20px\" aria-hidden=\"true\" class=\"wp-block-spacer\"><\/div>\n\n\n\n<p><span style=\"color: #000000;\">To\u021bi ofertan\u021bii care vor depune dosarele vor fi anun\u021ba\u021bi despre decizia cu privire la oferta selectat\u0103 dup\u0103 finalizarea procesului de selectare a ofertelor.<\/span><\/p>\n\n\n\n<div style=\"height:20px\" aria-hidden=\"true\" class=\"wp-block-spacer\"><\/div>\n\n\n\n<p class=\"has-black-color has-text-color\"><span style=\"color: #000000;\">Pentru informa\u021bii suplimentare, V\u0103 rug\u0103m s\u0103 ne contacta\u021bi la num\u0103rul de telefon 022 843601 sau la adresa de e-mail: <a href=\"mailto:applications@crjm.org\">applications@crjm.org<\/a>.<\/span><\/p>\n\n\n\n<div style=\"height:20px\" aria-hidden=\"true\" class=\"wp-block-spacer\"><\/div>\n\n\n\n<p class=\"has-black-color has-text-color\"><span style=\"color: #000000;\"><strong><strong>Not\u0103<\/strong>: CRJM \u00ee\u0219i rezerv\u0103 dreptul s\u0103 nu aleag\u0103 nicio ofert\u0103 \u00een cazul \u00een care ofertele primite nu vor corespunde cerin\u021belor sale.<\/strong><\/span><\/p>\n\n\n\n<div style=\"height:20px\" aria-hidden=\"true\" class=\"wp-block-spacer\"><\/div>\n\n\n\n<p><span style=\"color: #000000;\"><em>CRJM este o organiza\u021bie care promoveaz\u0103 incluziunea \u0219i diversitatea. Noi valorific\u0103m diferen\u021bele, promov\u0103m egalitatea \u0219i abord\u0103m frontal comportamente discriminatorii, astfel consolid\u00e2nd capacitatea organiza\u021bional\u0103. Toate companiile \u0219i\/sau persoanele fizice calificate sunt \u00eencurajate s\u0103 aplice. Noi nu discrimin\u0103m \u00een func\u021bie de dizabilitate, ras\u0103, culoare, etnie, gen, religie, orientare sexual\u0103, v\u00e2rst\u0103, stare civil\u0103, statut parental sau orice alt criteriu protejat prin lege. Toate aplica\u021biile recep\u021bionate vor fi procesate cu respectarea strict\u0103 a confiden\u021bialit\u0103\u021bii datelor furnizate.&nbsp;<\/em><\/span><\/p>\n","protected":false},"excerpt":{"rendered":"<p>Centrul de Resurse Juridice anun\u021b\u0103 concurs public pentru contractarea unei persoane fizice sau juridice care s\u0103 ofere servicii IT pe o perioad\u0103 de doi ani, noiembrie 2022 \u2013 octombrie 2024. Persoana odat\u0103 selectat\u0103 va avea de prestat urm\u0103toarele servicii: Oferta de participare la concurs trebuie depus\u0103 prin email la applications@crjm.org p\u00e2n\u0103 la data de 7 [&hellip;]<\/p>\n","protected":false},"author":10,"featured_media":9641,"comment_status":"closed","ping_status":"closed","sticky":false,"template":"","format":"standard","meta":{"_acf_changed":false,"footnotes":""},"categories":[211,175,374],"tags":[336],"class_list":["post-15694","post","type-post","status-publish","format-standard","has-post-thumbnail","hentry","category-news-en","category-tenders","category-tenders-2022","tag-2022-en"],"acf":[],"cp_meta_data":{"nd_options_meta_box_page_title":[""],"nd_options_meta_box_page_margin":[""],"nd_options_meta_box_page_header_img":[""],"nd_options_meta_box_page_header_img_title":[""],"nd_options_meta_box_page_header_img_position":[""],"nd_options_meta_box_post_title":["1"],"nd_options_meta_box_post_margin":["1"],"nd_options_meta_box_post_sidebar_position":["nd_options_full_width"],"nd_options_meta_box_post_header_img":[""],"nd_options_meta_box_post_header_img_title":[""],"nd_options_meta_box_post_header_img_position":["nd_options_background_position_center_top"],"nd_options_meta_box_post_quote":[""],"nd_options_meta_box_post_quote_author":[""],"nd_options_meta_box_post_link_title":[""],"nd_options_meta_box_post_link_url":[""],"nd_options_meta_box_post_media_code":[""],"nd_options_meta_box_woocommerce_header_img":[""],"nd_options_meta_box_woocommerce_header_img_title":[""],"nd_options_meta_box_woocommerce_header_img_position":[""],"_edit_lock":["1681810156:10"],"classic-editor-remember":["block-editor"],"_wpml_word_count":["{\"total\":0,\"to_translate\":{\"en\":518,\"ro\":518}}"],"_encloseme":["1"],"_wp_old_date":["2023-04-18"],"_edit_last":["10"],"publications_year":["2023"],"_publications_year":["field_638761ab1ff5b"],"publication_file":[""],"_publication_file":["field_6388c1bbfdccb"],"nd_options_meta_box_post_color":[""],"_wpml_media_duplicate":["1","1","1","1","1","1","1","1","1","1","1","1","1","1"],"_wpml_media_featured":["1","1","1","1","1","1","1","1","1","1","1","1","1","1"],"_elementor_template_type":["wp-post"],"_elementor_version":["3.6.5"],"mec_location_id":["0"],"mec_organizer_id":["0"],"mec_additional_organizer_ids":["a:0:{}"],"mec_additional_location_ids":["a:0:{}"],"_elementor_data":["[{\"id\":\"e0fa1cf\",\"elType\":\"section\",\"settings\":[],\"elements\":[{\"id\":\"c6c0f2e\",\"elType\":\"column\",\"settings\":{\"_column_size\":100,\"_inline_size\":null},\"elements\":[{\"id\":\"597d50f\",\"elType\":\"widget\",\"settings\":{\"editor\":\"<p style=\\\"text-align: justify;\\\"><span style=\\\"color: #000000;\\\">Centrul de Resurse Juridice din Moldova (CRJM) este<strong> o organiza\\u021bie neguvernamental\\u0103, nonprofit, independent\\u0103, neafiliat\\u0103 politic, care contribuie la consolidarea democra\\u021biei \\u0219i a statului de drept \\u00een Republica Moldova prin activit\\u0103\\u021bi de cercetare, monitorizare \\u0219i advocacy. <\\\/strong>\\u00a0\\u00a0\\u00a0<\\\/span><\\\/p><p style=\\\"text-align: justify;\\\"><span style=\\\"color: #000000;\\\">Noi promov\\u0103m justi\\u021bia independent\\u0103, eficient\\u0103 \\u0219i responsabil\\u0103, mecanisme anticorup\\u021bie eficiente, respectarea drepturilor omului \\u0219i un mediu prielnic pentru societatea civil\\u0103 \\u0219i democra\\u021bie. \\u00cen aceste domenii identific\\u0103m problemele cu impact sistemic, propunem solu\\u021bii, le aducem pe agenda public\\u0103, reac\\u021bion\\u0103m la abuzuri \\u0219i mobiliz\\u0103m parteneri pentru schimb\\u0103ri \\u00een bine.<\\\/span><\\\/p><p style=\\\"text-align: justify;\\\"><span style=\\\"color: #000000;\\\"><strong>CRJM anun\\u021b\\u0103 un concurs pentru: <\\\/strong><\\\/span><\\\/p><p style=\\\"text-align: justify;\\\"><span style=\\\"color: #000000;\\\"><u>Func\\u021bia<\\\/u>: Consilier\\\/\\u0103 juridic\\\/\\u0103;<\\\/span><\\\/p><p style=\\\"text-align: justify;\\\"><span style=\\\"color: #000000;\\\"><u>Contract<\\\/u>: Pentru un termen nedeterminat;<\\\/span><\\\/p><p style=\\\"text-align: justify;\\\"><span style=\\\"color: #000000;\\\"><u>Localizarea<\\\/u>: Chi\\u0219in\\u0103u, Republica Moldova, sediul CRJM, str. A. \\u0218ciusev 33.<\\\/span><\\\/p><p style=\\\"text-align: justify;\\\"><span style=\\\"color: #000000;\\\"><strong>Atribu\\u021bii<\\\/strong>:<\\\/span><\\\/p><p style=\\\"text-align: justify;\\\"><span style=\\\"color: #000000;\\\">Principalele sarcini ale juristului\\\/juristei \\u021bin de:<\\\/span><\\\/p><ol style=\\\"text-align: justify;\\\"><li><span style=\\\"color: #000000;\\\">Cercetare \\u0219i analiz\\u0103;\\u00a0<\\\/span><\\\/li><li><span style=\\\"color: #000000;\\\">Advocacy;<\\\/span><\\\/li><li><span style=\\\"color: #000000;\\\">Activit\\u0103\\u021bi de instruire;<\\\/span><\\\/li><li><span style=\\\"color: #000000;\\\">Reprezentare.<\\\/span><\\\/li><\\\/ol><p style=\\\"text-align: justify;\\\"><span style=\\\"color: #3366ff;\\\"><a style=\\\"color: #3366ff;\\\" href=\\\"https:\\\/\\\/crjm.org\\\/wp-content\\\/uploads\\\/2022\\\/05\\\/2022-05-10_Fisa-post-consilier-juridic.pdf\\\"><strong>Fi\\u0219a de post a func\\u021biei este anexat\\u0103.<\\\/strong><\\\/a><\\\/span><\\\/p><p style=\\\"text-align: justify;\\\"><span style=\\\"color: #000000;\\\"><strong>Cerin\\u0163e: <\\\/strong><\\\/span><\\\/p><p style=\\\"text-align: justify;\\\"><span style=\\\"color: #000000;\\\"><strong><em>Educa\\u021bie:<\\\/em><\\\/strong><\\\/span><\\\/p><ul style=\\\"text-align: justify;\\\"><li><span style=\\\"color: #000000;\\\">studii universitare \\u00een domeniul dreptului (studen\\u021bii din ultimul an de studiu sunt de asemenea eligibili).<\\\/span><\\\/li><\\\/ul><p style=\\\"text-align: justify;\\\"><span style=\\\"color: #000000;\\\"><strong>\\u00a0<\\\/strong><strong><em>Cuno\\u0219tin\\u021be:<\\\/em><\\\/strong><\\\/span><\\\/p><ul style=\\\"text-align: justify;\\\"><li><span style=\\\"color: #000000;\\\">bune cuno\\u0219tin\\u021be \\u00een domeniul justi\\u021biei, anticorup\\u021bie \\u0219i integritate, drepturilor omului \\u0219i societ\\u0103\\u021bii civile;<\\\/span><\\\/li><li><span style=\\\"color: #000000;\\\">cunoa\\u0219terea fluent\\u0103 a limbilor rom\\u00e2n\\u0103 \\u015fi englez\\u0103 (cel pu\\u021bin nivelul B2). Cunoa\\u015fterea limbii ruse sau a altor limbi de circula\\u0163ie interna\\u0163ional\\u0103 constituie un avantaj.<\\\/span><\\\/li><\\\/ul><p style=\\\"text-align: justify;\\\"><span style=\\\"color: #000000;\\\"><strong>\\u00a0<\\\/strong><strong><em>Abilit\\u0103\\u021bi \\u0219i aptitudini:<\\\/em><\\\/strong><\\\/span><\\\/p><ul style=\\\"text-align: justify;\\\"><li><span style=\\\"color: #000000;\\\">folosirea calculatorului \\u00een activitatea zilnic\\u0103 \\u015fi cunoa\\u0219terea la nivel avansat a MS Office, Windows \\u015fi abilit\\u0103\\u021bi avansate de navigare pe internet;<\\\/span><\\\/li><li><span style=\\\"color: #000000;\\\">bune abilit\\u0103\\u021bi de comunicare intern\\u0103 \\u0219i extern\\u0103, prezentare, planificare \\u0219i organizare;<\\\/span><\\\/li><li><span style=\\\"color: #000000;\\\">persoan\\u0103 responsabil\\u0103, atent\\u0103 la detalii \\u0219i creativ\\u0103, bine organizat\\u0103 \\u0219i dedicat\\u0103;<\\\/span><\\\/li><li><span style=\\\"color: #000000;\\\">capacitatea de a lucra independent, \\u00een echip\\u0103 \\u0219i sub presiune.<\\\/span><\\\/li><\\\/ul><p style=\\\"text-align: justify;\\\"><span style=\\\"color: #000000;\\\"><strong><em>Competen\\u021be de baz\\u0103:<\\\/em><\\\/strong><\\\/span><\\\/p><ul style=\\\"text-align: justify;\\\"><li><span style=\\\"color: #000000;\\\">angajament fa\\u021b\\u0103 de <a style=\\\"color: #000000;\\\" href=\\\"https:\\\/\\\/crjm.org\\\/contact-2\\\/\\\">misiunea<\\\/a>, viziunea \\u0219i obiectivele strategice ale CRJM, \\u00eemp\\u0103rt\\u0103\\u0219irea valorilor CRJM;<\\\/span><\\\/li><li><span style=\\\"color: #000000;\\\">sensibilitate \\u015fi adaptabilitate fa\\u021b\\u0103 de diversitatea cultural\\u0103, sex, religie, ras\\u0103, na\\u021bionalitate \\u0219i v\\u00e2rst\\u0103;<\\\/span><\\\/li><li><span style=\\\"color: #000000;\\\">responsabilitate \\u0219i r\\u0103spundere direct\\u0103 pentru rezultatul deciziilor proprii.<\\\/span><\\\/li><\\\/ul><p style=\\\"text-align: justify;\\\"><span style=\\\"color: #000000;\\\"><strong>De\\u021binerea cet\\u0103\\u021beniei Republicii Moldova nu este obligatorie. Persoana trebuie s\\u0103 de\\u021bin\\u0103 dreptul de a munci \\u00een Republica Moldova.<\\\/strong><\\\/span><\\\/p><p style=\\\"text-align: justify;\\\"><span style=\\\"color: #000000;\\\">Func\\u021bia de jurist\\\/\\u0103 este compatibil\\u0103 cu activitatea de avocat\\\/\\u0103 sau stagiul \\u00een avocatur\\u0103.<\\\/span><\\\/p><p style=\\\"text-align: justify;\\\"><span style=\\\"color: #000000;\\\"><strong><em>Selectarea: <\\\/em><\\\/strong><\\\/span><\\\/p><ul style=\\\"text-align: justify;\\\"><li><span style=\\\"color: #000000;\\\">\\u00cencuraj\\u0103m depunerea dosarelor \\u0219i de c\\u0103tre persoanele care nu au stagiu de munc\\u0103 sau cu pu\\u021bin\\u0103 experien\\u021b\\u0103 profesional\\u0103, dar \\u0219i de c\\u0103tre persoanele cu o experien\\u021b\\u0103 considerabil\\u0103. Experien\\u021ba de munc\\u0103 nu este obligatorie, dar constituie un avantaj.<\\\/span><\\\/li><li><span style=\\\"color: #000000;\\\">CRJM va examina dosarele recep\\u021bionate pe subcategorii, grupate \\u00een func\\u021bie de experien\\u021ba candida\\u021bilor, \\u0219i ar putea angaja mai mult de o persoan\\u0103.<\\\/span><\\\/li><\\\/ul><p style=\\\"text-align: justify;\\\"><span style=\\\"color: #000000;\\\"><strong>Condi\\u021bii de munc\\u0103: <\\\/strong><\\\/span><\\\/p><ol style=\\\"text-align: justify;\\\"><li><span style=\\\"color: #000000;\\\">mediu de lucru confortabil \\u0219i prietenos;<\\\/span><\\\/li><li><span style=\\\"color: #000000;\\\">spa\\u021biu de munc\\u0103 bine dotat \\u0219i echipament performant pus la dispozi\\u021bia angajatului\\\/ei;<\\\/span><\\\/li><li><span style=\\\"color: #000000;\\\">posibilit\\u0103\\u021bi de dezvoltare profesional\\u0103;\\u00a0<\\\/span><\\\/li><li><span style=\\\"color: #000000;\\\">salariu motivant (inclusiv pachet social deplin), care depinde de calificarea \\u015fi experien\\u0163a persoanei;<\\\/span><\\\/li><li><span style=\\\"color: #000000;\\\">program deplin de lucru \\u00eentre 9:00 \\u2013 18:00;<\\\/span><\\\/li><li><span style=\\\"color: #000000;\\\">regim de munc\\u0103 flexibil; conexiune deplin\\u0103 la resursele Asocia\\u021biei prin intermediul instrumentelor digitale, care asigur\\u0103 posibilitatea de a munci \\u00een format mixt (de la birou \\u0219i de la distan\\u021b\\u0103).<\\\/span><\\\/li><\\\/ol><p style=\\\"text-align: justify;\\\">\\u00a0<\\\/p><p style=\\\"text-align: justify;\\\"><span style=\\\"color: #000000;\\\">Persoanele care corespund cerin\\u021belor men\\u021bionate mai sus sunt rugate s\\u0103 expedieze prin e-mail <strong>o scrisoare de motivare<\\\/strong> \\u0219i <strong>CV-ul actualizat<\\\/strong>, care s\\u0103 con\\u021bin\\u0103 contactele a cel pu\\u021bin dou\\u0103 persoane de referin\\u021b\\u0103, p\\u00e2n\\u0103 la <strong>29 mai 2022<\\\/strong>, ora 23.59, la adresa: <a style=\\\"color: #000000;\\\" href=\\\"mailto:applications@crjm.org\\\">applications@crjm.org<\\\/a>.<\\\/span><\\\/p><p style=\\\"text-align: justify;\\\">\\u00a0<\\\/p><p style=\\\"text-align: justify;\\\"><span style=\\\"color: #000000;\\\">Selectarea va fi f\\u0103cut\\u0103 \\u00een baz\\u0103 analizei CV-urilor \\u0219i scrisorilor de motivare depuse, urmat\\u0103 de o prob\\u0103 scris\\u0103 \\u0219i interviu.\\u00a0 Informa\\u021bii suplimentare pot fi ob\\u021binute prin expedierea unui e-mail la aceea\\u0219i adres\\u0103. Fiecare candidat va fi informat \\u00een scris despre decizia luat\\u0103 \\u00een privin\\u021ba sa.<\\\/span><\\\/p><p style=\\\"text-align: justify;\\\">\\u00a0<\\\/p><p style=\\\"text-align: justify;\\\"><span style=\\\"color: #000000;\\\"><strong>Doar candida\\u0163ii preselecta\\u0163i vor fi invita\\u021bi pentru proba scris\\u0103 \\u0219i interviu.<\\\/strong><\\\/span><\\\/p><p style=\\\"text-align: justify;\\\">\\u00a0<\\\/p><p style=\\\"text-align: justify;\\\"><span style=\\\"color: #000000;\\\"><strong>Not\\u0103<\\\/strong>: CRJM \\u00ee\\u0219i rezerv\\u0103 dreptul s\\u0103 nu aleag\\u0103 niciun\\\/o candidat\\\/\\u0103 \\u00een cazul \\u00een care dosarele primite sau candida\\u021bii nu vor corespunde cerin\\u021belor sale.<\\\/span><\\\/p><p style=\\\"text-align: justify;\\\">\\u00a0<\\\/p><p style=\\\"text-align: justify;\\\"><span style=\\\"color: #000000;\\\">Prin depunerea dosarului, candidatul\\\/a consimte implicit verificarea de c\\u0103tre CRJM a informa\\u021biei furnizate. <strong><u>ATEN\\u021aIE<\\\/u><\\\/strong> \\u2013 \\u00een cazul \\u00een care nu sunte\\u021bi de acord ca CRJM s\\u0103 verifice informa\\u021bia la actualul\\\/a angajator\\\/are, V\\u0103 rug\\u0103m s\\u0103 men\\u021biona\\u021bi expres acest fapt \\u00een scrisoarea de motivare. Explicarea motivului nu este necesar\\u0103.<\\\/span><\\\/p><p style=\\\"text-align: justify;\\\">\\u00a0<\\\/p><p style=\\\"text-align: justify;\\\"><span style=\\\"color: #000000;\\\"><em>CRJM este o organiza\\u021bie care promoveaz\\u0103 incluziunea \\u0219i diversitatea. Noi valorific\\u0103m diferen\\u021bele, promov\\u0103m egalitatea \\u0219i abord\\u0103m frontal comportamente discriminatorii, consolid\\u00e2nd astfel capacitatea organiza\\u021bional\\u0103. Toate persoanele calificate sunt \\u00eencurajate s\\u0103 aplice. Noi nu trat\\u0103m diferit persoanele \\u00een func\\u021bie de dizabilitate, ras\\u0103, culoare, etnie, gen, religie, orientare sexual\\u0103, v\\u00e2rst\\u0103, stare civil\\u0103, statut parental sau orice alt criteriu protejat prin lege.<\\\/em><\\\/span><\\\/p><hr \\\/><h4><span style=\\\"color: #000000;\\\"><strong>FI\\u0218A DE POST\\u00a0<\\\/strong><strong>pentru func\\u021bia de\\u00a0<\\\/strong><strong>Consilier\\\/\\u0103 juridic\\\/\\u0103<\\\/strong><\\\/span><\\\/h4><p><span style=\\\"color: #000000;\\\"><strong>Sarcini generale: <\\\/strong><\\\/span><\\\/p><p><span style=\\\"color: #000000;\\\">Consilierul\\\/a juridic\\\/\\u0103 este responsabil\\\/\\u0103 de asigurarea implement\\u0103rii activit\\u0103\\u021bilor\\\/proiectelor \\u00een cadrul CRJM, coordonate cu Directorul\\\/area de programe \\\/ Pre\\u0219edintele CRJM.<\\\/span><\\\/p><p><span style=\\\"color: #000000;\\\">Consilierul\\\/a juridic\\\/\\u0103 desf\\u0103\\u0219oar\\u0103 activit\\u0103\\u021bi de cercetare \\u0219i analiz\\u0103, advocacy, inclusiv litigare, fundraising \\u0219i alte activit\\u0103\\u021bi legate de activitatea Asocia\\u021biei.<\\\/span><\\\/p><p><span style=\\\"color: #000000;\\\">Consilierul\\\/a juridic\\\/\\u0103 este persoan\\u0103 material-responsabil\\u0103 \\u00een privin\\u0163a proiectelor \\u00een care este manager de proiect.<\\\/span><\\\/p><p><span style=\\\"color: #000000;\\\"><strong>\\u00a0<\\\/strong><\\\/span><\\\/p><p><span style=\\\"color: #000000;\\\"><strong>Cerin\\u0163e fa\\u0163\\u0103 de de\\u0163in\\u0103torul func\\u0163iei:<\\\/strong><\\\/span><\\\/p><ol><li><span style=\\\"color: #000000;\\\">studii universitare \\u00een domeniul dreptului;<\\\/span><\\\/li><li><span style=\\\"color: #000000;\\\">posedarea fluent\\u0103 a limbilor rom\\u00e2n\\u0103 \\u015fi englez\\u0103. Cunoa\\u015fterea limbii ruse sau a altor limbi de circula\\u0163ie interna\\u021bional\\u0103 constituie un avantaj;<\\\/span><\\\/li><li><span style=\\\"color: #000000;\\\">folosirea calculatorului \\u00een activitatea zilnic\\u0103 \\u015fi posedarea la nivel avansat a MS Office, Windows \\u015fi abilit\\u0103\\u021bi avansate de navigare pe internet;<\\\/span><\\\/li><li><span style=\\\"color: #000000;\\\">posedarea cuno\\u0219tin\\u021belor bune \\u00een domeniul justi\\u0163iei \\u015fi drepturilor omului;<\\\/span><\\\/li><li><span style=\\\"color: #000000;\\\">capacit\\u0103\\u021bi bune de fundraising \\u015fi coordonare a proiectelor.<\\\/span><\\\/li><\\\/ol><p><span style=\\\"color: #000000;\\\"><strong>\\u00a0<\\\/strong><\\\/span><\\\/p><p><span style=\\\"color: #000000;\\\"><strong>Sarcini specifice: <\\\/strong><\\\/span><\\\/p><ol><li><span style=\\\"color: #000000;\\\"><em>Cercetare \\u0219i analiz\\u0103: <\\\/em><\\\/span><ol><li><span style=\\\"color: #000000;\\\">colecteaz\\u0103 informa\\u021bia pentru cercet\\u0103rile efectuate de c\\u0103tre Asocia\\u021bie;<\\\/span><\\\/li><li><span style=\\\"color: #000000;\\\">urm\\u0103re\\u0219te modific\\u0103rile de legisla\\u021bie sau politici relevante pentru activitatea Asocia\\u021biei, conform modului de distribuire a sarcinilor \\u00een cadrul Asocia\\u021biei;<\\\/span><\\\/li><li><span style=\\\"color: #000000;\\\">urm\\u0103re\\u0219te jurispruden\\u021ba Cur\\u021bii Europene pentru Drepturile Omului \\u015fi practica institu\\u021biilor ONU relevante pentru activitatea Asocia\\u021biei, conform modului de distribuire a sarcinilor \\u00een cadrul Asocia\\u021biei;<\\\/span><\\\/li><li><span style=\\\"color: #000000;\\\">urm\\u0103re\\u0219te recomand\\u0103rile Consiliului Europei relevante pentru activitatea Asocia\\u021biei, conform modului de distribuire a sarcinilor \\u00een cadrul Asocia\\u021biei;<\\\/span><\\\/li><li><span style=\\\"color: #000000;\\\">colecteaz\\u0103 informa\\u021bii despre evolu\\u021biile politice \\u0219i legislative \\u00een cadrul Uniunii Europene \\u0219i Consiliului Europei \\u00een domenii relevante pentru activitatea Asocia\\u021biei;<\\\/span><\\\/li><li><span style=\\\"color: #000000;\\\">elaboreaz\\u0103 sau, dup\\u0103 caz, verific\\u0103 materialele preg\\u0103tite \\u00een cadrul proiectelor \\u00een care este implicat\\\/\\u0103;<\\\/span><\\\/li><li><span style=\\\"color: #000000;\\\">efectueaz\\u0103 alte activit\\u0103\\u021bi necesare pentru realizarea obiectivelor proiectelor \\u00een care este implicat\\\/\\u0103.<\\\/span><\\\/li><\\\/ol><\\\/li><li><span style=\\\"color: #000000;\\\"><em>Advocacy:<\\\/em><\\\/span><ol><li><span style=\\\"color: #000000;\\\">litigare, inclusiv preluarea, documentarea \\u0219i ap\\u0103rarea unei persoane sau grup de persoane \\u00een instan\\u021ba de judecat\\u0103 sau alte institu\\u021bii publice cu scopul de a ob\\u021bine modific\\u0103ri ale legisla\\u0163iei \\u0219i practicii judiciare, \\u00een cadrul proiectelor pe care le implementeaz\\u0103 organiza\\u021bia;<\\\/span><\\\/li><li><span style=\\\"color: #000000;\\\">identificarea cauzelor pentru litigare;<\\\/span><\\\/li><li><span style=\\\"color: #000000;\\\">elaboreaz\\u0103 sau redacteaz\\u0103 materialele pentru m\\u0103surile de advocacy \\u015fi urm\\u0103re\\u015fte efectul acestor m\\u0103suri;<\\\/span><\\\/li><li><span style=\\\"color: #000000;\\\">identific\\u0103 oportunit\\u0103\\u021bi pentru reac\\u0163ii publice sau realizarea altor ac\\u021biuni de interes public;<\\\/span><\\\/li><li><span style=\\\"color: #000000;\\\">\\u00eentreprinde \\u00eent\\u00e2lniri cu factorii de decizie;<\\\/span><\\\/li><li><span style=\\\"color: #000000;\\\">identific\\u0103 alte oportunit\\u0103\\u021bi pentru promovarea obiectivelor Asocia\\u021biei pe plan na\\u021bional \\u0219i interna\\u021bional.<\\\/span><\\\/li><\\\/ol><\\\/li><li><span style=\\\"color: #000000;\\\"><em>Activit\\u0103\\u021bi de instruire:<\\\/em><\\\/span><ol><li><span style=\\\"color: #000000;\\\">elaboreaz\\u0103 conceptele \\u015fi materialele necesare pentru activit\\u0103\\u021bile legate de instruirea efectuat\\u0103 de Asocia\\u021bie, \\u00een domeniul programului s\\u0103u;<\\\/span><\\\/li><li><span style=\\\"color: #000000;\\\">particip\\u0103 \\u00een calitate de formator\\\/are sau participant\\\/\\u0103 la activit\\u0103\\u021bile de instruire organizate de Asocia\\u021bie;<\\\/span><\\\/li><li><span style=\\\"color: #000000;\\\">particip\\u0103 la activit\\u0103\\u021bi de instruire oferite de alte organiza\\u021bii, \\u00een urma coordon\\u0103rii cu Pre\\u0219edintele Asocia\\u021biei sau directorul\\\/area de programe care coordoneaz\\u0103 proiectul \\u00een care este implicat\\\/\\u0103.<\\\/span><\\\/li><\\\/ol><\\\/li><li><span style=\\\"color: #000000;\\\"><em>Activit\\u0103\\u021bi de fundraising:<\\\/em><\\\/span><ol><li><span style=\\\"color: #000000;\\\">identific\\u0103 poten\\u021bialele surse de finan\\u021bare;<\\\/span><\\\/li><li><span style=\\\"color: #000000;\\\">\\u00eempreun\\u0103 cu alte persoane, dezvolt\\u0103 ideile de proiecte privind finan\\u0163area Asocia\\u021biei;<\\\/span><\\\/li><li><span style=\\\"color: #000000;\\\">scrie sau, dup\\u0103 caz, verific\\u0103 propunerile de finan\\u021bare, \\u00een modul stabilit de Pre\\u0219edintele Asocia\\u021biei.<\\\/span><\\\/li><\\\/ol><\\\/li><li><span style=\\\"color: #000000;\\\"><em>Activit\\u0103\\u021bi de management al proiectelor \\u00een care apare ca manager\\\/\\u0103 de proiect:<\\\/em><\\\/span><ol><li><span style=\\\"color: #000000;\\\">particip\\u0103 la selectarea personalului din cadrul proiectului;<\\\/span><\\\/li><li><span style=\\\"color: #000000;\\\">asigur\\u0103 distribuirea sarcinilor \\u00eentre personalul implicat \\u00een implementarea proiectului;<\\\/span><\\\/li><li><span style=\\\"color: #000000;\\\">supravegheaz\\u0103 \\u015fi, dac\\u0103 este cazul, coordoneaz\\u0103 activitatea personalului implicat \\u00een implementarea proiectului;<\\\/span><\\\/li><li><span style=\\\"color: #000000;\\\">asigur\\u0103 buna implementare a proiectului \\u00een ceea ce prive\\u0219te substan\\u021ba proiectului;<\\\/span><\\\/li><li><span style=\\\"color: #000000;\\\">comunic\\u0103 cu donatorul;<\\\/span><\\\/li><li><span style=\\\"color: #000000;\\\">verific\\u0103 corectitudinea managementului resurselor financiare;<\\\/span><\\\/li><li><span style=\\\"color: #000000;\\\">elaboreaz\\u0103, verific\\u0103 \\u015fi aprob\\u0103 rapoartele de activitate \\u0219i financiare pe marginea proiectului;<\\\/span><\\\/li><li><span style=\\\"color: #000000;\\\">informeaz\\u0103 periodic Pre\\u0219edintele Asocia\\u021biei \\u015fi\\\/sau Directorul\\\/area de programe despre modul de implementare a proiectului.<\\\/span><\\\/li><\\\/ol><\\\/li><li><span style=\\\"color: #000000;\\\"><em>Activit\\u0103\\u021bi de management, inclusiv comunicare \\u0219i logistic\\u0103:<\\\/em><\\\/span><ol><li><span style=\\\"color: #000000;\\\">asist\\u0103 Pre\\u0219edintele Asocia\\u021biei \\u015fi Directorul\\\/area de programe \\u00een vederea actualiz\\u0103rii planului de ac\\u021biuni al Asocia\\u021biei \\u0219i elabor\\u0103rii raportului anual de activitate;<\\\/span><\\\/li><li><span style=\\\"color: #000000;\\\">particip\\u0103 la \\u0219edin\\u021bele periodice ale personalului Asocia\\u021biei, inclusiv, dac\\u0103 este cazul, luarea de note;<\\\/span><\\\/li><li><span style=\\\"color: #000000;\\\">elaboreaz\\u0103 informa\\u021bia pentru pagina web a Asocia\\u021biei, \\u00een m\\u0103sura \\u00een care informa\\u021bia \\u021bine de activitatea sa;<\\\/span><\\\/li><li><span style=\\\"color: #000000;\\\">colaboreaz\\u0103 cu personalul Asocia\\u021biei \\u00een vederea asigur\\u0103rii tuturor activit\\u0103\\u021bilor logistice pentru organizarea evenimentelor Asocia\\u021biei;<\\\/span><\\\/li><li><span style=\\\"color: #000000;\\\">particip\\u0103 la evaluarea performan\\u021belor personalului Asocia\\u021biei:<\\\/span><\\\/li><li><span style=\\\"color: #000000;\\\">execut\\u0103 indica\\u021biile Directorului\\\/arei de programe sau Pre\\u0219edintelui Asocia\\u021biei \\u00een ceea ce prive\\u0219te chestiuni logistice \\u0219i de management.<\\\/span><\\\/li><\\\/ol><\\\/li><li><span style=\\\"color: #000000;\\\"><em>Reprezentare \\u0219i rela\\u021biile cu publicul:<\\\/em><\\\/span><ol><li><span style=\\\"color: #000000;\\\">reprezint\\u0103 Asocia\\u021bia \\u00een cadrul activit\\u0103\\u021bilor legate de implementarea proiectelor \\u00een care apare ca manager de proiect;<\\\/span><\\\/li><li><span style=\\\"color: #000000;\\\">reprezint\\u0103 Asocia\\u021bia la evenimente publice, \\u00een urma coordon\\u0103rii cu Directorul\\\/area de programe sau Pre\\u0219edintele Asocia\\u021biei;<\\\/span><\\\/li><li><span style=\\\"color: #000000;\\\">acord\\u0103 interviuri \\u00een mass-media sau apare \\u00een emisiuni, reportaje sau articole, \\u00een urma coordon\\u0103rii cu Directorul\\\/area de programe sau Pre\\u0219edintele Asocia\\u021biei.<\\\/span><\\\/li><\\\/ol><\\\/li><\\\/ol><p><span style=\\\"color: #000000;\\\"><strong>\\u00a0<\\\/strong><\\\/span><\\\/p><p><span style=\\\"color: #000000;\\\"><strong>Rela\\u021biile ierarhice \\u00een cadrul Asocia\\u021biei:<\\\/strong><\\\/span><\\\/p><ol><li><span style=\\\"color: #000000;\\\">se subordoneaz\\u0103 Directorului\\\/arei de programe;<\\\/span><\\\/li><li><span style=\\\"color: #000000;\\\">are \\u00een subordonare personalul din cadrul proiectelor \\u00een care apare ca manager de proiect;<\\\/span><\\\/li><li><span style=\\\"color: #000000;\\\">colaboreaz\\u0103 cu personalul pe comunicare \\u00een ceea ce prive\\u0219te organizarea evenimentelor \\u0219i asigurarea vizibilit\\u0103\\u021bii Asocia\\u021biei \\u00een cadrul proiectelor \\u00een care apare ca manager de proiect;<\\\/span><\\\/li><li><span style=\\\"color: #000000;\\\">colaboreaz\\u0103 cu Directorul\\\/area serviciului administrativ \\u0219i Managerul financiar \\u00een vederea \\u00eentocmirii rapoartelor de activitate \\u0219i financiare pentru proiectul de care este responsabil\\\/\\u0103.<\\\/span><\\\/li><\\\/ol><p><span style=\\\"color: #000000;\\\"><strong>\\u00a0<\\\/strong><\\\/span><\\\/p><p><span style=\\\"color: #000000;\\\"><strong>Regim de lucru:<\\\/strong><\\\/span><\\\/p><ol><li><span style=\\\"color: #000000;\\\">durata prest\\u0103rii serviciilor - \\u00een func\\u0163ie de proiectele implementate de Asocia\\u021bie;<\\\/span><\\\/li><li><span style=\\\"color: #000000;\\\">timpul de munc\\u0103 depinde de num\\u0103rul de proiecte implementate de Asocia\\u021bie, \\u00eens\\u0103 nu poate dep\\u0103\\u015fi 40 de ore s\\u0103pt\\u0103m\\u00e2nal;<\\\/span><\\\/li><li><span style=\\\"color: #000000;\\\">orarul de prestare a serviciilor - \\u00een func\\u0163ie de necesit\\u0103\\u0163i, de regul\\u0103 de la 9.00 p\\u00e2n\\u0103 la 18.00, de luni p\\u00e2n\\u0103 vineri;<\\\/span><\\\/li><li><span style=\\\"color: #000000;\\\">Consilierul\\\/a va depune toate eforturile s\\u0103 se afle majoritatea timpului \\u00een biroul Asocia\\u021biei.<\\\/span><\\\/li><\\\/ol>\"},\"elements\":[],\"widgetType\":\"text-editor\"}],\"isInner\":false}],\"isInner\":false}]"],"_thumbnail_id":["9641"],"_last_translation_edit_mode":["native-editor"],"_yoast_wpseo_primary_category":["211"],"_yoast_wpseo_content_score":["60"],"_yoast_wpseo_estimated-reading-time-minutes":["3"],"_yoast_wpseo_wordproof_timestamp":[""],"_elementor_template_widget_type":[""],"_wpml_media_has_media":["1"],"_elementor_edit_mode":[""],"_eael_post_view_count":["659"],"_elementor_controls_usage":["a:3:{s:11:\"text-editor\";a:3:{s:5:\"count\";i:1;s:15:\"control_percent\";i:0;s:8:\"controls\";a:1:{s:7:\"content\";a:1:{s:14:\"section_editor\";a:1:{s:6:\"editor\";i:1;}}}}s:6:\"column\";a:3:{s:5:\"count\";i:1;s:15:\"control_percent\";i:0;s:8:\"controls\";a:1:{s:6:\"layout\";a:1:{s:6:\"layout\";a:1:{s:12:\"_inline_size\";i:1;}}}}s:7:\"section\";a:3:{s:5:\"count\";i:1;s:15:\"control_percent\";i:0;s:8:\"controls\";a:0:{}}}"],"tpg-post-view-count":["77"]},"yoast_head":"<!-- This site is optimized with the Yoast SEO plugin v26.8 - https:\/\/yoast.com\/product\/yoast-seo-wordpress\/ -->\n<title>LRCM is looking to contract IT services for two years - CRJM<\/title>\n<meta name=\"robots\" content=\"index, follow, max-snippet:-1, max-image-preview:large, max-video-preview:-1\" \/>\n<link rel=\"canonical\" href=\"https:\/\/crjm.org\/crjm-contract-servicii-it\/9639\/\" \/>\n<meta property=\"og:locale\" content=\"en_US\" \/>\n<meta property=\"og:type\" content=\"article\" \/>\n<meta property=\"og:title\" content=\"LRCM is looking to contract IT services for two years - CRJM\" \/>\n<meta property=\"og:description\" content=\"Centrul de Resurse Juridice anun\u021b\u0103 concurs public pentru contractarea unei persoane fizice sau juridice care s\u0103 ofere servicii IT pe o perioad\u0103 de doi ani, noiembrie 2022 \u2013 octombrie 2024. Persoana odat\u0103 selectat\u0103 va avea de prestat urm\u0103toarele servicii: Oferta de participare la concurs trebuie depus\u0103 prin email la applications@crjm.org p\u00e2n\u0103 la data de 7 [&hellip;]\" \/>\n<meta property=\"og:url\" content=\"https:\/\/crjm.org\/crjm-contract-servicii-it\/9639\/\" \/>\n<meta property=\"og:site_name\" content=\"CRJM\" \/>\n<meta property=\"article:published_time\" content=\"2022-10-21T15:23:37+00:00\" \/>\n<meta property=\"article:modified_time\" content=\"2023-04-18T09:26:02+00:00\" \/>\n<meta property=\"og:image\" content=\"https:\/\/crjm.org\/wp-content\/uploads\/2022\/10\/2small-It-Maintenance.png\" \/>\n\t<meta property=\"og:image:width\" content=\"627\" \/>\n\t<meta property=\"og:image:height\" content=\"417\" \/>\n\t<meta property=\"og:image:type\" content=\"image\/png\" \/>\n<meta name=\"author\" content=\"Rotaru Natalia\" \/>\n<meta name=\"twitter:card\" content=\"summary_large_image\" \/>\n<meta name=\"twitter:label1\" content=\"Written by\" \/>\n\t<meta name=\"twitter:data1\" content=\"Rotaru Natalia\" \/>\n\t<meta name=\"twitter:label2\" content=\"Est. reading time\" \/>\n\t<meta name=\"twitter:data2\" content=\"3 minutes\" \/>\n<script type=\"application\/ld+json\" class=\"yoast-schema-graph\">{\"@context\":\"https:\/\/schema.org\",\"@graph\":[{\"@type\":\"Article\",\"@id\":\"https:\/\/crjm.org\/crjm-contract-servicii-it\/9639\/#article\",\"isPartOf\":{\"@id\":\"https:\/\/crjm.org\/crjm-contract-servicii-it\/9639\/\"},\"author\":{\"name\":\"Rotaru Natalia\",\"@id\":\"https:\/\/crjm.org\/#\/schema\/person\/6c88e144d67e4e0d47b069066002adb4\"},\"headline\":\"LRCM is looking to contract IT services for two years\",\"datePublished\":\"2022-10-21T15:23:37+00:00\",\"dateModified\":\"2023-04-18T09:26:02+00:00\",\"mainEntityOfPage\":{\"@id\":\"https:\/\/crjm.org\/crjm-contract-servicii-it\/9639\/\"},\"wordCount\":555,\"publisher\":{\"@id\":\"https:\/\/crjm.org\/#organization\"},\"image\":{\"@id\":\"https:\/\/crjm.org\/crjm-contract-servicii-it\/9639\/#primaryimage\"},\"thumbnailUrl\":\"https:\/\/crjm.org\/wp-content\/uploads\/2022\/10\/2small-It-Maintenance.png\",\"keywords\":[\"2022\"],\"articleSection\":[\"News\",\"Tenders\",\"Tenders 2022\"],\"inLanguage\":\"en-US\"},{\"@type\":\"WebPage\",\"@id\":\"https:\/\/crjm.org\/crjm-contract-servicii-it\/9639\/\",\"url\":\"https:\/\/crjm.org\/crjm-contract-servicii-it\/9639\/\",\"name\":\"LRCM is looking to contract IT services for two years - CRJM\",\"isPartOf\":{\"@id\":\"https:\/\/crjm.org\/#website\"},\"primaryImageOfPage\":{\"@id\":\"https:\/\/crjm.org\/crjm-contract-servicii-it\/9639\/#primaryimage\"},\"image\":{\"@id\":\"https:\/\/crjm.org\/crjm-contract-servicii-it\/9639\/#primaryimage\"},\"thumbnailUrl\":\"https:\/\/crjm.org\/wp-content\/uploads\/2022\/10\/2small-It-Maintenance.png\",\"datePublished\":\"2022-10-21T15:23:37+00:00\",\"dateModified\":\"2023-04-18T09:26:02+00:00\",\"breadcrumb\":{\"@id\":\"https:\/\/crjm.org\/crjm-contract-servicii-it\/9639\/#breadcrumb\"},\"inLanguage\":\"en-US\",\"potentialAction\":[{\"@type\":\"ReadAction\",\"target\":[\"https:\/\/crjm.org\/crjm-contract-servicii-it\/9639\/\"]}]},{\"@type\":\"ImageObject\",\"inLanguage\":\"en-US\",\"@id\":\"https:\/\/crjm.org\/crjm-contract-servicii-it\/9639\/#primaryimage\",\"url\":\"https:\/\/crjm.org\/wp-content\/uploads\/2022\/10\/2small-It-Maintenance.png\",\"contentUrl\":\"https:\/\/crjm.org\/wp-content\/uploads\/2022\/10\/2small-It-Maintenance.png\",\"width\":627,\"height\":417},{\"@type\":\"BreadcrumbList\",\"@id\":\"https:\/\/crjm.org\/crjm-contract-servicii-it\/9639\/#breadcrumb\",\"itemListElement\":[{\"@type\":\"ListItem\",\"position\":1,\"name\":\"News\",\"item\":\"https:\/\/crjm.org\/en\/category\/news-en\/\"},{\"@type\":\"ListItem\",\"position\":2,\"name\":\"LRCM is looking to contract IT services for two years\"}]},{\"@type\":\"WebSite\",\"@id\":\"https:\/\/crjm.org\/#website\",\"url\":\"https:\/\/crjm.org\/\",\"name\":\"CRJM\",\"description\":\"Centrul de Resurse Juridice din Moldova\",\"publisher\":{\"@id\":\"https:\/\/crjm.org\/#organization\"},\"potentialAction\":[{\"@type\":\"SearchAction\",\"target\":{\"@type\":\"EntryPoint\",\"urlTemplate\":\"https:\/\/crjm.org\/?s={search_term_string}\"},\"query-input\":{\"@type\":\"PropertyValueSpecification\",\"valueRequired\":true,\"valueName\":\"search_term_string\"}}],\"inLanguage\":\"en-US\"},{\"@type\":\"Organization\",\"@id\":\"https:\/\/crjm.org\/#organization\",\"name\":\"CRJM\",\"url\":\"https:\/\/crjm.org\/\",\"logo\":{\"@type\":\"ImageObject\",\"inLanguage\":\"en-US\",\"@id\":\"https:\/\/crjm.org\/#\/schema\/logo\/image\/\",\"url\":\"https:\/\/crjm.org\/wp-content\/uploads\/2021\/09\/logo-RO-complet-2.png\",\"contentUrl\":\"https:\/\/crjm.org\/wp-content\/uploads\/2021\/09\/logo-RO-complet-2.png\",\"width\":1287,\"height\":276,\"caption\":\"CRJM\"},\"image\":{\"@id\":\"https:\/\/crjm.org\/#\/schema\/logo\/image\/\"}},{\"@type\":\"Person\",\"@id\":\"https:\/\/crjm.org\/#\/schema\/person\/6c88e144d67e4e0d47b069066002adb4\",\"name\":\"Rotaru Natalia\",\"image\":{\"@type\":\"ImageObject\",\"inLanguage\":\"en-US\",\"@id\":\"https:\/\/crjm.org\/#\/schema\/person\/image\/\",\"url\":\"https:\/\/secure.gravatar.com\/avatar\/761de0d22b3b3436de0cc5c49fbfecac?s=96&d=mm&r=g\",\"contentUrl\":\"https:\/\/secure.gravatar.com\/avatar\/761de0d22b3b3436de0cc5c49fbfecac?s=96&d=mm&r=g\",\"caption\":\"Rotaru Natalia\"},\"url\":\"https:\/\/crjm.org\/en\/author\/natalia\/\"}]}<\/script>\n<!-- \/ Yoast SEO plugin. -->","yoast_head_json":{"title":"LRCM is looking to contract IT services for two years - CRJM","robots":{"index":"index","follow":"follow","max-snippet":"max-snippet:-1","max-image-preview":"max-image-preview:large","max-video-preview":"max-video-preview:-1"},"canonical":"https:\/\/crjm.org\/crjm-contract-servicii-it\/9639\/","og_locale":"en_US","og_type":"article","og_title":"LRCM is looking to contract IT services for two years - CRJM","og_description":"Centrul de Resurse Juridice anun\u021b\u0103 concurs public pentru contractarea unei persoane fizice sau juridice care s\u0103 ofere servicii IT pe o perioad\u0103 de doi ani, noiembrie 2022 \u2013 octombrie 2024. Persoana odat\u0103 selectat\u0103 va avea de prestat urm\u0103toarele servicii: Oferta de participare la concurs trebuie depus\u0103 prin email la applications@crjm.org p\u00e2n\u0103 la data de 7 [&hellip;]","og_url":"https:\/\/crjm.org\/crjm-contract-servicii-it\/9639\/","og_site_name":"CRJM","article_published_time":"2022-10-21T15:23:37+00:00","article_modified_time":"2023-04-18T09:26:02+00:00","og_image":[{"width":627,"height":417,"url":"https:\/\/crjm.org\/wp-content\/uploads\/2022\/10\/2small-It-Maintenance.png","type":"image\/png"}],"author":"Rotaru Natalia","twitter_card":"summary_large_image","twitter_misc":{"Written by":"Rotaru Natalia","Est. reading time":"3 minutes"},"schema":{"@context":"https:\/\/schema.org","@graph":[{"@type":"Article","@id":"https:\/\/crjm.org\/crjm-contract-servicii-it\/9639\/#article","isPartOf":{"@id":"https:\/\/crjm.org\/crjm-contract-servicii-it\/9639\/"},"author":{"name":"Rotaru Natalia","@id":"https:\/\/crjm.org\/#\/schema\/person\/6c88e144d67e4e0d47b069066002adb4"},"headline":"LRCM is looking to contract IT services for two years","datePublished":"2022-10-21T15:23:37+00:00","dateModified":"2023-04-18T09:26:02+00:00","mainEntityOfPage":{"@id":"https:\/\/crjm.org\/crjm-contract-servicii-it\/9639\/"},"wordCount":555,"publisher":{"@id":"https:\/\/crjm.org\/#organization"},"image":{"@id":"https:\/\/crjm.org\/crjm-contract-servicii-it\/9639\/#primaryimage"},"thumbnailUrl":"https:\/\/crjm.org\/wp-content\/uploads\/2022\/10\/2small-It-Maintenance.png","keywords":["2022"],"articleSection":["News","Tenders","Tenders 2022"],"inLanguage":"en-US"},{"@type":"WebPage","@id":"https:\/\/crjm.org\/crjm-contract-servicii-it\/9639\/","url":"https:\/\/crjm.org\/crjm-contract-servicii-it\/9639\/","name":"LRCM is looking to contract IT services for two years - CRJM","isPartOf":{"@id":"https:\/\/crjm.org\/#website"},"primaryImageOfPage":{"@id":"https:\/\/crjm.org\/crjm-contract-servicii-it\/9639\/#primaryimage"},"image":{"@id":"https:\/\/crjm.org\/crjm-contract-servicii-it\/9639\/#primaryimage"},"thumbnailUrl":"https:\/\/crjm.org\/wp-content\/uploads\/2022\/10\/2small-It-Maintenance.png","datePublished":"2022-10-21T15:23:37+00:00","dateModified":"2023-04-18T09:26:02+00:00","breadcrumb":{"@id":"https:\/\/crjm.org\/crjm-contract-servicii-it\/9639\/#breadcrumb"},"inLanguage":"en-US","potentialAction":[{"@type":"ReadAction","target":["https:\/\/crjm.org\/crjm-contract-servicii-it\/9639\/"]}]},{"@type":"ImageObject","inLanguage":"en-US","@id":"https:\/\/crjm.org\/crjm-contract-servicii-it\/9639\/#primaryimage","url":"https:\/\/crjm.org\/wp-content\/uploads\/2022\/10\/2small-It-Maintenance.png","contentUrl":"https:\/\/crjm.org\/wp-content\/uploads\/2022\/10\/2small-It-Maintenance.png","width":627,"height":417},{"@type":"BreadcrumbList","@id":"https:\/\/crjm.org\/crjm-contract-servicii-it\/9639\/#breadcrumb","itemListElement":[{"@type":"ListItem","position":1,"name":"News","item":"https:\/\/crjm.org\/en\/category\/news-en\/"},{"@type":"ListItem","position":2,"name":"LRCM is looking to contract IT services for two years"}]},{"@type":"WebSite","@id":"https:\/\/crjm.org\/#website","url":"https:\/\/crjm.org\/","name":"CRJM","description":"Centrul de Resurse Juridice din Moldova","publisher":{"@id":"https:\/\/crjm.org\/#organization"},"potentialAction":[{"@type":"SearchAction","target":{"@type":"EntryPoint","urlTemplate":"https:\/\/crjm.org\/?s={search_term_string}"},"query-input":{"@type":"PropertyValueSpecification","valueRequired":true,"valueName":"search_term_string"}}],"inLanguage":"en-US"},{"@type":"Organization","@id":"https:\/\/crjm.org\/#organization","name":"CRJM","url":"https:\/\/crjm.org\/","logo":{"@type":"ImageObject","inLanguage":"en-US","@id":"https:\/\/crjm.org\/#\/schema\/logo\/image\/","url":"https:\/\/crjm.org\/wp-content\/uploads\/2021\/09\/logo-RO-complet-2.png","contentUrl":"https:\/\/crjm.org\/wp-content\/uploads\/2021\/09\/logo-RO-complet-2.png","width":1287,"height":276,"caption":"CRJM"},"image":{"@id":"https:\/\/crjm.org\/#\/schema\/logo\/image\/"}},{"@type":"Person","@id":"https:\/\/crjm.org\/#\/schema\/person\/6c88e144d67e4e0d47b069066002adb4","name":"Rotaru Natalia","image":{"@type":"ImageObject","inLanguage":"en-US","@id":"https:\/\/crjm.org\/#\/schema\/person\/image\/","url":"https:\/\/secure.gravatar.com\/avatar\/761de0d22b3b3436de0cc5c49fbfecac?s=96&d=mm&r=g","contentUrl":"https:\/\/secure.gravatar.com\/avatar\/761de0d22b3b3436de0cc5c49fbfecac?s=96&d=mm&r=g","caption":"Rotaru Natalia"},"url":"https:\/\/crjm.org\/en\/author\/natalia\/"}]}},"rttpg_featured_image_url":{"full":["https:\/\/crjm.org\/wp-content\/uploads\/2022\/10\/2small-It-Maintenance.png",627,417,false],"landscape":["https:\/\/crjm.org\/wp-content\/uploads\/2022\/10\/2small-It-Maintenance.png",627,417,false],"portraits":["https:\/\/crjm.org\/wp-content\/uploads\/2022\/10\/2small-It-Maintenance.png",627,417,false],"thumbnail":["https:\/\/crjm.org\/wp-content\/uploads\/2022\/10\/2small-It-Maintenance-150x100.png",150,100,true],"medium":["https:\/\/crjm.org\/wp-content\/uploads\/2022\/10\/2small-It-Maintenance-300x200.png",300,200,true],"large":["https:\/\/crjm.org\/wp-content\/uploads\/2022\/10\/2small-It-Maintenance.png",627,417,false],"thumblist":["https:\/\/crjm.org\/wp-content\/uploads\/2022\/10\/2small-It-Maintenance-300x300.png",300,300,true],"thumbrelated":["https:\/\/crjm.org\/wp-content\/uploads\/2022\/10\/2small-It-Maintenance.png",500,333,false],"meccarouselthumb":["https:\/\/crjm.org\/wp-content\/uploads\/2022\/10\/2small-It-Maintenance-474x324.png",474,324,true],"gridsquare":["https:\/\/crjm.org\/wp-content\/uploads\/2022\/10\/2small-It-Maintenance-391x260.png",391,260,true],"tileview":["https:\/\/crjm.org\/wp-content\/uploads\/2022\/10\/2small-It-Maintenance-300x400.png",300,400,true],"1536x1536":["https:\/\/crjm.org\/wp-content\/uploads\/2022\/10\/2small-It-Maintenance.png",627,417,false],"2048x2048":["https:\/\/crjm.org\/wp-content\/uploads\/2022\/10\/2small-It-Maintenance.png",627,417,false],"woocommerce_thumbnail":["https:\/\/crjm.org\/wp-content\/uploads\/2022\/10\/2small-It-Maintenance-300x300.png",300,300,true],"woocommerce_single":["https:\/\/crjm.org\/wp-content\/uploads\/2022\/10\/2small-It-Maintenance-600x399.png",600,399,true],"woocommerce_gallery_thumbnail":["https:\/\/crjm.org\/wp-content\/uploads\/2022\/10\/2small-It-Maintenance-100x100.png",100,100,true]},"rttpg_author":{"display_name":"Rotaru Natalia","author_link":"https:\/\/crjm.org\/en\/author\/natalia\/"},"rttpg_comment":0,"rttpg_category":"<a href=\"https:\/\/crjm.org\/en\/category\/news-en\/\" rel=\"category tag\">News<\/a> <a href=\"https:\/\/crjm.org\/en\/category\/news-en\/tenders\/\" rel=\"category tag\">Tenders<\/a> <a href=\"https:\/\/crjm.org\/en\/category\/news-en\/tenders\/tenders-2022\/\" rel=\"category tag\">Tenders 2022<\/a>","rttpg_excerpt":"Centrul de Resurse Juridice anun\u021b\u0103 concurs public pentru contractarea unei persoane fizice sau juridice care s\u0103 ofere servicii IT pe o perioad\u0103 de doi ani, noiembrie 2022 \u2013 octombrie 2024. Persoana odat\u0103 selectat\u0103 va avea de prestat urm\u0103toarele servicii: Oferta de participare la concurs trebuie depus\u0103 prin email la applications@crjm.org p\u00e2n\u0103 la data de 7&hellip;","_links":{"self":[{"href":"https:\/\/crjm.org\/en\/wp-json\/wp\/v2\/posts\/15694","targetHints":{"allow":["GET"]}}],"collection":[{"href":"https:\/\/crjm.org\/en\/wp-json\/wp\/v2\/posts"}],"about":[{"href":"https:\/\/crjm.org\/en\/wp-json\/wp\/v2\/types\/post"}],"author":[{"embeddable":true,"href":"https:\/\/crjm.org\/en\/wp-json\/wp\/v2\/users\/10"}],"replies":[{"embeddable":true,"href":"https:\/\/crjm.org\/en\/wp-json\/wp\/v2\/comments?post=15694"}],"version-history":[{"count":0,"href":"https:\/\/crjm.org\/en\/wp-json\/wp\/v2\/posts\/15694\/revisions"}],"wp:featuredmedia":[{"embeddable":true,"href":"https:\/\/crjm.org\/en\/wp-json\/wp\/v2\/media\/9641"}],"wp:attachment":[{"href":"https:\/\/crjm.org\/en\/wp-json\/wp\/v2\/media?parent=15694"}],"wp:term":[{"taxonomy":"category","embeddable":true,"href":"https:\/\/crjm.org\/en\/wp-json\/wp\/v2\/categories?post=15694"},{"taxonomy":"post_tag","embeddable":true,"href":"https:\/\/crjm.org\/en\/wp-json\/wp\/v2\/tags?post=15694"}],"curies":[{"name":"wp","href":"https:\/\/api.w.org\/{rel}","templated":true}]}}