{"id":12682,"date":"2015-03-31T17:27:23","date_gmt":"2015-03-31T14:27:23","guid":{"rendered":"https:\/\/crjm.org\/executarea-de-catre-republica-moldova-a-hotararilor-curtii-europene-a-drepturilor-omului-2013-2014\/"},"modified":"2025-03-18T15:38:23","modified_gmt":"2025-03-18T13:38:23","slug":"executarea-de-catre-republica-moldova-a-hotararilor-curtii-europene-a-drepturilor-omului-2013-2014","status":"publish","type":"post","link":"https:\/\/crjm.org\/en\/executarea-de-catre-republica-moldova-a-hotararilor-curtii-europene-a-drepturilor-omului-2013-2014\/12682\/","title":{"rendered":"Executarea de c\u0103tre Republica Moldova a hot\u0103r\u00e2rilor Cur\u021bii Europene a Drepturilor Omului: 2013-2014"},"content":{"rendered":"<figure class=\"wp-block-embed-pdf-viewer-pdf wp-block-embed-pdf-viewer-pdf__content-wrapper aligncenter\"><object class=\"embed-pdf-viewer\" title=\"\" data=\"https:\/\/crjm.org\/wp-content\/uploads\/2015\/03\/CRJM-Raport-CtEDO-31.03.2015-1.pdf#scrollbar=1&amp;toolbar=1\" type=\"application\/pdf\" width=\"1200\" height=\"970\"><\/object><\/figure>\n\n\n<p><strong><a href=\"https:\/\/crjm.org\/wp-content\/uploads\/2015\/03\/CRJM-Raport-CtEDO-31.03.2015-1.pdf\" target=\"_blank\" rel=\"noreferrer noopener\">DESCARC\u0102<\/a> | <a href=\"https:\/\/crjm.org\/wp-content\/uploads\/2015\/03\/LRCM-Report-ECtHR-31-03-2015.pdf\" target=\"_blank\" rel=\"noreferrer noopener\">ENGLISH VERSION<\/a><\/strong><\/p>\n","protected":false},"excerpt":{"rendered":"<p>DESCARC\u0102 | ENGLISH VERSION<\/p>\n","protected":false},"author":5,"featured_media":12680,"comment_status":"closed","ping_status":"closed","sticky":false,"template":"","format":"standard","meta":{"_acf_changed":false,"footnotes":""},"categories":[73,239,69],"tags":[344],"class_list":["post-12682","post","type-post","status-publish","format-standard","has-post-thumbnail","hentry","category-human-rights","category-publications-en","category-research-lrcm","tag-2015-en"],"acf":[],"cp_meta_data":{"_encloseme":["1"],"nd_options_meta_box_post_title":["1"],"nd_options_meta_box_post_margin":["1"],"nd_options_meta_box_post_sidebar_position":["nd_options_full_width"],"nd_options_meta_box_post_header_img_title":[""],"nd_options_meta_box_post_header_img_position":["nd_options_background_position_center_top"],"nd_options_meta_box_post_quote":[""],"nd_options_meta_box_post_quote_author":[""],"nd_options_meta_box_post_link_title":[""],"nd_options_meta_box_post_link_url":[""],"nd_options_meta_box_post_media_code":[""],"nd_options_meta_box_woocommerce_header_img_title":[""],"nd_options_meta_box_woocommerce_header_img_position":[""],"_wp_page_template":["default"],"_last_editor_used_jetpack":["block-editor"],"nd_options_meta_box_post_color":[""],"_yoast_wpseo_estimated-reading-time-minutes":["1"],"_wpml_location_migration_done":["1"],"_wp_old_date":["2022-04-07"],"_yoast_wpseo_wordproof_timestamp":[""],"classic-editor-remember":["block-editor"],"publications_year":["2022"],"_publications_year":["field_638761ab1ff5b"],"publication_file":[""],"_publication_file":["field_6388c1bbfdccb"],"publication_pdf_viewer":[""],"_publication_pdf_viewer":["field_638dd7338c5ec"],"file_path":[""],"_file_path":["field_638df9be5f048"],"_icl_lang_duplicate_of":["12672"],"_thumbnail_id":["12680"],"_edit_lock":["1672846937:5"],"_eael_post_view_count":["711"],"tpg-post-view-count":["251"],"wp_statistics_words_count":["4"],"_last_translation_edit_mode":["translation-editor"],"nd_options_meta_box_page_title":["",""],"nd_options_meta_box_page_margin":["",""],"nd_options_meta_box_page_header_img":["",""],"nd_options_meta_box_page_header_img_title":["",""],"nd_options_meta_box_page_header_img_position":["",""],"nd_options_meta_box_post_header_img":["",""],"nd_options_meta_box_woocommerce_header_img":["",""],"_wpml_media_featured":["1","1"],"_wpml_media_duplicate":["1","1"],"_yoast_wpseo_primary_category":["238"],"_elementor_template_type":["wp-post"],"_elementor_version":["3.6.5"],"mec_location_id":["0"],"mec_additional_location_ids":["a:0:{}"],"mec_organizer_id":["0"],"mec_additional_organizer_ids":["a:0:{}"],"_yoast_wpseo_title":["Executarea de c\u0103tre Republica Moldova a hot\u0103r\u00e2rilor Cur\u021bii Europene a Drepturilor Omului: 2013-2014"],"_yoast_wpseo_metadesc":["Executarea de c\u0103tre Republica Moldova a hot\u0103r\u00e2rilor Cur\u021bii Europene a Drepturilor Omului: 2013-2014."],"_elementor_page_assets":["a:0:{}"]},"yoast_head":"<!-- This site is optimized with the Yoast SEO plugin v26.8 - https:\/\/yoast.com\/product\/yoast-seo-wordpress\/ -->\n<title>Executarea de c\u0103tre Republica Moldova a hot\u0103r\u00e2rilor Cur\u021bii Europene a Drepturilor Omului: 2013-2014<\/title>\n<meta name=\"description\" content=\"Executarea de c\u0103tre Republica Moldova a hot\u0103r\u00e2rilor Cur\u021bii Europene a Drepturilor Omului: 2013-2014.\" \/>\n<meta name=\"robots\" content=\"index, follow, max-snippet:-1, max-image-preview:large, max-video-preview:-1\" \/>\n<link rel=\"canonical\" href=\"https:\/\/crjm.org\/en\/executarea-de-catre-republica-moldova-a-hotararilor-curtii-europene-a-drepturilor-omului-2013-2014\/12682\/\" \/>\n<meta property=\"og:locale\" content=\"en_US\" \/>\n<meta property=\"og:type\" content=\"article\" \/>\n<meta property=\"og:title\" content=\"Executarea de c\u0103tre Republica Moldova a hot\u0103r\u00e2rilor Cur\u021bii Europene a Drepturilor Omului: 2013-2014\" \/>\n<meta property=\"og:description\" content=\"Executarea de c\u0103tre Republica Moldova a hot\u0103r\u00e2rilor Cur\u021bii Europene a Drepturilor Omului: 2013-2014.\" \/>\n<meta property=\"og:url\" content=\"https:\/\/crjm.org\/en\/executarea-de-catre-republica-moldova-a-hotararilor-curtii-europene-a-drepturilor-omului-2013-2014\/12682\/\" \/>\n<meta property=\"og:site_name\" content=\"CRJM\" \/>\n<meta property=\"article:published_time\" content=\"2015-03-31T14:27:23+00:00\" \/>\n<meta property=\"article:modified_time\" content=\"2025-03-18T13:38:23+00:00\" \/>\n<meta property=\"og:image\" content=\"https:\/\/crjm.org\/wp-content\/uploads\/2015\/03\/Cover_RO_CRJM-Raport-CtEDO-31.03..png\" \/>\n\t<meta property=\"og:image:width\" content=\"1260\" \/>\n\t<meta property=\"og:image:height\" content=\"1890\" \/>\n\t<meta property=\"og:image:type\" content=\"image\/png\" \/>\n<meta name=\"author\" content=\"Stanciu Daniel\" \/>\n<meta name=\"twitter:card\" content=\"summary_large_image\" \/>\n<meta name=\"twitter:label1\" content=\"Written by\" \/>\n\t<meta name=\"twitter:data1\" content=\"Stanciu Daniel\" \/>\n\t<meta name=\"twitter:label2\" content=\"Est. reading time\" \/>\n\t<meta name=\"twitter:data2\" content=\"1 minute\" \/>\n<script type=\"application\/ld+json\" class=\"yoast-schema-graph\">{\"@context\":\"https:\/\/schema.org\",\"@graph\":[{\"@type\":\"Article\",\"@id\":\"https:\/\/crjm.org\/en\/executarea-de-catre-republica-moldova-a-hotararilor-curtii-europene-a-drepturilor-omului-2013-2014\/12682\/#article\",\"isPartOf\":{\"@id\":\"https:\/\/crjm.org\/en\/executarea-de-catre-republica-moldova-a-hotararilor-curtii-europene-a-drepturilor-omului-2013-2014\/12682\/\"},\"author\":{\"name\":\"Stanciu Daniel\",\"@id\":\"https:\/\/crjm.org\/#\/schema\/person\/49a6a1e678c637cd70f78c1fabe59e01\"},\"headline\":\"Executarea de c\u0103tre Republica Moldova a hot\u0103r\u00e2rilor Cur\u021bii Europene a Drepturilor Omului: 2013-2014\",\"datePublished\":\"2015-03-31T14:27:23+00:00\",\"dateModified\":\"2025-03-18T13:38:23+00:00\",\"mainEntityOfPage\":{\"@id\":\"https:\/\/crjm.org\/en\/executarea-de-catre-republica-moldova-a-hotararilor-curtii-europene-a-drepturilor-omului-2013-2014\/12682\/\"},\"wordCount\":20,\"publisher\":{\"@id\":\"https:\/\/crjm.org\/#organization\"},\"image\":{\"@id\":\"https:\/\/crjm.org\/en\/executarea-de-catre-republica-moldova-a-hotararilor-curtii-europene-a-drepturilor-omului-2013-2014\/12682\/#primaryimage\"},\"thumbnailUrl\":\"https:\/\/crjm.org\/wp-content\/uploads\/2015\/03\/Cover_RO_CRJM-Raport-CtEDO-31.03..png\",\"keywords\":[\"2015\"],\"articleSection\":[\"Human Rights\",\"Publications\",\"Research LRCM\"],\"inLanguage\":\"en-US\"},{\"@type\":\"WebPage\",\"@id\":\"https:\/\/crjm.org\/en\/executarea-de-catre-republica-moldova-a-hotararilor-curtii-europene-a-drepturilor-omului-2013-2014\/12682\/\",\"url\":\"https:\/\/crjm.org\/en\/executarea-de-catre-republica-moldova-a-hotararilor-curtii-europene-a-drepturilor-omului-2013-2014\/12682\/\",\"name\":\"Executarea de c\u0103tre Republica Moldova a hot\u0103r\u00e2rilor Cur\u021bii Europene a Drepturilor Omului: 2013-2014\",\"isPartOf\":{\"@id\":\"https:\/\/crjm.org\/#website\"},\"primaryImageOfPage\":{\"@id\":\"https:\/\/crjm.org\/en\/executarea-de-catre-republica-moldova-a-hotararilor-curtii-europene-a-drepturilor-omului-2013-2014\/12682\/#primaryimage\"},\"image\":{\"@id\":\"https:\/\/crjm.org\/en\/executarea-de-catre-republica-moldova-a-hotararilor-curtii-europene-a-drepturilor-omului-2013-2014\/12682\/#primaryimage\"},\"thumbnailUrl\":\"https:\/\/crjm.org\/wp-content\/uploads\/2015\/03\/Cover_RO_CRJM-Raport-CtEDO-31.03..png\",\"datePublished\":\"2015-03-31T14:27:23+00:00\",\"dateModified\":\"2025-03-18T13:38:23+00:00\",\"description\":\"Executarea de c\u0103tre Republica Moldova a hot\u0103r\u00e2rilor Cur\u021bii Europene a Drepturilor Omului: 2013-2014.\",\"breadcrumb\":{\"@id\":\"https:\/\/crjm.org\/en\/executarea-de-catre-republica-moldova-a-hotararilor-curtii-europene-a-drepturilor-omului-2013-2014\/12682\/#breadcrumb\"},\"inLanguage\":\"en-US\",\"potentialAction\":[{\"@type\":\"ReadAction\",\"target\":[\"https:\/\/crjm.org\/en\/executarea-de-catre-republica-moldova-a-hotararilor-curtii-europene-a-drepturilor-omului-2013-2014\/12682\/\"]}]},{\"@type\":\"ImageObject\",\"inLanguage\":\"en-US\",\"@id\":\"https:\/\/crjm.org\/en\/executarea-de-catre-republica-moldova-a-hotararilor-curtii-europene-a-drepturilor-omului-2013-2014\/12682\/#primaryimage\",\"url\":\"https:\/\/crjm.org\/wp-content\/uploads\/2015\/03\/Cover_RO_CRJM-Raport-CtEDO-31.03..png\",\"contentUrl\":\"https:\/\/crjm.org\/wp-content\/uploads\/2015\/03\/Cover_RO_CRJM-Raport-CtEDO-31.03..png\",\"width\":1260,\"height\":1890},{\"@type\":\"BreadcrumbList\",\"@id\":\"https:\/\/crjm.org\/en\/executarea-de-catre-republica-moldova-a-hotararilor-curtii-europene-a-drepturilor-omului-2013-2014\/12682\/#breadcrumb\",\"itemListElement\":[{\"@type\":\"ListItem\",\"position\":1,\"name\":\"Publica\u021bii\",\"item\":\"https:\/\/crjm.org\/category\/publicatii\/\"},{\"@type\":\"ListItem\",\"position\":2,\"name\":\"Executarea de c\u0103tre Republica Moldova a hot\u0103r\u00e2rilor Cur\u021bii Europene a Drepturilor Omului: 2013-2014\"}]},{\"@type\":\"WebSite\",\"@id\":\"https:\/\/crjm.org\/#website\",\"url\":\"https:\/\/crjm.org\/\",\"name\":\"CRJM\",\"description\":\"Centrul de Resurse Juridice din Moldova\",\"publisher\":{\"@id\":\"https:\/\/crjm.org\/#organization\"},\"potentialAction\":[{\"@type\":\"SearchAction\",\"target\":{\"@type\":\"EntryPoint\",\"urlTemplate\":\"https:\/\/crjm.org\/?s={search_term_string}\"},\"query-input\":{\"@type\":\"PropertyValueSpecification\",\"valueRequired\":true,\"valueName\":\"search_term_string\"}}],\"inLanguage\":\"en-US\"},{\"@type\":\"Organization\",\"@id\":\"https:\/\/crjm.org\/#organization\",\"name\":\"CRJM\",\"url\":\"https:\/\/crjm.org\/\",\"logo\":{\"@type\":\"ImageObject\",\"inLanguage\":\"en-US\",\"@id\":\"https:\/\/crjm.org\/#\/schema\/logo\/image\/\",\"url\":\"https:\/\/crjm.org\/wp-content\/uploads\/2021\/09\/logo-RO-complet-2.png\",\"contentUrl\":\"https:\/\/crjm.org\/wp-content\/uploads\/2021\/09\/logo-RO-complet-2.png\",\"width\":1287,\"height\":276,\"caption\":\"CRJM\"},\"image\":{\"@id\":\"https:\/\/crjm.org\/#\/schema\/logo\/image\/\"}},{\"@type\":\"Person\",\"@id\":\"https:\/\/crjm.org\/#\/schema\/person\/49a6a1e678c637cd70f78c1fabe59e01\",\"name\":\"Stanciu Daniel\",\"image\":{\"@type\":\"ImageObject\",\"inLanguage\":\"en-US\",\"@id\":\"https:\/\/crjm.org\/#\/schema\/person\/image\/\",\"url\":\"https:\/\/secure.gravatar.com\/avatar\/b0083c7ea91f92c48ddffd0cbe92c3d0?s=96&d=mm&r=g\",\"contentUrl\":\"https:\/\/secure.gravatar.com\/avatar\/b0083c7ea91f92c48ddffd0cbe92c3d0?s=96&d=mm&r=g\",\"caption\":\"Stanciu Daniel\"},\"url\":\"https:\/\/crjm.org\/en\/author\/daniel-stanciu\/\"}]}<\/script>\n<!-- \/ Yoast SEO plugin. -->","yoast_head_json":{"title":"Executarea de c\u0103tre Republica Moldova a hot\u0103r\u00e2rilor Cur\u021bii Europene a Drepturilor Omului: 2013-2014","description":"Executarea de c\u0103tre Republica Moldova a hot\u0103r\u00e2rilor Cur\u021bii Europene a Drepturilor Omului: 2013-2014.","robots":{"index":"index","follow":"follow","max-snippet":"max-snippet:-1","max-image-preview":"max-image-preview:large","max-video-preview":"max-video-preview:-1"},"canonical":"https:\/\/crjm.org\/en\/executarea-de-catre-republica-moldova-a-hotararilor-curtii-europene-a-drepturilor-omului-2013-2014\/12682\/","og_locale":"en_US","og_type":"article","og_title":"Executarea de c\u0103tre Republica Moldova a hot\u0103r\u00e2rilor Cur\u021bii Europene a Drepturilor Omului: 2013-2014","og_description":"Executarea de c\u0103tre Republica Moldova a hot\u0103r\u00e2rilor Cur\u021bii Europene a Drepturilor Omului: 2013-2014.","og_url":"https:\/\/crjm.org\/en\/executarea-de-catre-republica-moldova-a-hotararilor-curtii-europene-a-drepturilor-omului-2013-2014\/12682\/","og_site_name":"CRJM","article_published_time":"2015-03-31T14:27:23+00:00","article_modified_time":"2025-03-18T13:38:23+00:00","og_image":[{"width":1260,"height":1890,"url":"https:\/\/crjm.org\/wp-content\/uploads\/2015\/03\/Cover_RO_CRJM-Raport-CtEDO-31.03..png","type":"image\/png"}],"author":"Stanciu Daniel","twitter_card":"summary_large_image","twitter_misc":{"Written by":"Stanciu Daniel","Est. reading time":"1 minute"},"schema":{"@context":"https:\/\/schema.org","@graph":[{"@type":"Article","@id":"https:\/\/crjm.org\/en\/executarea-de-catre-republica-moldova-a-hotararilor-curtii-europene-a-drepturilor-omului-2013-2014\/12682\/#article","isPartOf":{"@id":"https:\/\/crjm.org\/en\/executarea-de-catre-republica-moldova-a-hotararilor-curtii-europene-a-drepturilor-omului-2013-2014\/12682\/"},"author":{"name":"Stanciu Daniel","@id":"https:\/\/crjm.org\/#\/schema\/person\/49a6a1e678c637cd70f78c1fabe59e01"},"headline":"Executarea de c\u0103tre Republica Moldova a hot\u0103r\u00e2rilor Cur\u021bii Europene a Drepturilor Omului: 2013-2014","datePublished":"2015-03-31T14:27:23+00:00","dateModified":"2025-03-18T13:38:23+00:00","mainEntityOfPage":{"@id":"https:\/\/crjm.org\/en\/executarea-de-catre-republica-moldova-a-hotararilor-curtii-europene-a-drepturilor-omului-2013-2014\/12682\/"},"wordCount":20,"publisher":{"@id":"https:\/\/crjm.org\/#organization"},"image":{"@id":"https:\/\/crjm.org\/en\/executarea-de-catre-republica-moldova-a-hotararilor-curtii-europene-a-drepturilor-omului-2013-2014\/12682\/#primaryimage"},"thumbnailUrl":"https:\/\/crjm.org\/wp-content\/uploads\/2015\/03\/Cover_RO_CRJM-Raport-CtEDO-31.03..png","keywords":["2015"],"articleSection":["Human Rights","Publications","Research LRCM"],"inLanguage":"en-US"},{"@type":"WebPage","@id":"https:\/\/crjm.org\/en\/executarea-de-catre-republica-moldova-a-hotararilor-curtii-europene-a-drepturilor-omului-2013-2014\/12682\/","url":"https:\/\/crjm.org\/en\/executarea-de-catre-republica-moldova-a-hotararilor-curtii-europene-a-drepturilor-omului-2013-2014\/12682\/","name":"Executarea de c\u0103tre Republica Moldova a hot\u0103r\u00e2rilor Cur\u021bii Europene a Drepturilor Omului: 2013-2014","isPartOf":{"@id":"https:\/\/crjm.org\/#website"},"primaryImageOfPage":{"@id":"https:\/\/crjm.org\/en\/executarea-de-catre-republica-moldova-a-hotararilor-curtii-europene-a-drepturilor-omului-2013-2014\/12682\/#primaryimage"},"image":{"@id":"https:\/\/crjm.org\/en\/executarea-de-catre-republica-moldova-a-hotararilor-curtii-europene-a-drepturilor-omului-2013-2014\/12682\/#primaryimage"},"thumbnailUrl":"https:\/\/crjm.org\/wp-content\/uploads\/2015\/03\/Cover_RO_CRJM-Raport-CtEDO-31.03..png","datePublished":"2015-03-31T14:27:23+00:00","dateModified":"2025-03-18T13:38:23+00:00","description":"Executarea de c\u0103tre Republica Moldova a hot\u0103r\u00e2rilor Cur\u021bii Europene a Drepturilor Omului: 2013-2014.","breadcrumb":{"@id":"https:\/\/crjm.org\/en\/executarea-de-catre-republica-moldova-a-hotararilor-curtii-europene-a-drepturilor-omului-2013-2014\/12682\/#breadcrumb"},"inLanguage":"en-US","potentialAction":[{"@type":"ReadAction","target":["https:\/\/crjm.org\/en\/executarea-de-catre-republica-moldova-a-hotararilor-curtii-europene-a-drepturilor-omului-2013-2014\/12682\/"]}]},{"@type":"ImageObject","inLanguage":"en-US","@id":"https:\/\/crjm.org\/en\/executarea-de-catre-republica-moldova-a-hotararilor-curtii-europene-a-drepturilor-omului-2013-2014\/12682\/#primaryimage","url":"https:\/\/crjm.org\/wp-content\/uploads\/2015\/03\/Cover_RO_CRJM-Raport-CtEDO-31.03..png","contentUrl":"https:\/\/crjm.org\/wp-content\/uploads\/2015\/03\/Cover_RO_CRJM-Raport-CtEDO-31.03..png","width":1260,"height":1890},{"@type":"BreadcrumbList","@id":"https:\/\/crjm.org\/en\/executarea-de-catre-republica-moldova-a-hotararilor-curtii-europene-a-drepturilor-omului-2013-2014\/12682\/#breadcrumb","itemListElement":[{"@type":"ListItem","position":1,"name":"Publica\u021bii","item":"https:\/\/crjm.org\/category\/publicatii\/"},{"@type":"ListItem","position":2,"name":"Executarea de c\u0103tre Republica Moldova a hot\u0103r\u00e2rilor Cur\u021bii Europene a Drepturilor Omului: 2013-2014"}]},{"@type":"WebSite","@id":"https:\/\/crjm.org\/#website","url":"https:\/\/crjm.org\/","name":"CRJM","description":"Centrul de Resurse Juridice din Moldova","publisher":{"@id":"https:\/\/crjm.org\/#organization"},"potentialAction":[{"@type":"SearchAction","target":{"@type":"EntryPoint","urlTemplate":"https:\/\/crjm.org\/?s={search_term_string}"},"query-input":{"@type":"PropertyValueSpecification","valueRequired":true,"valueName":"search_term_string"}}],"inLanguage":"en-US"},{"@type":"Organization","@id":"https:\/\/crjm.org\/#organization","name":"CRJM","url":"https:\/\/crjm.org\/","logo":{"@type":"ImageObject","inLanguage":"en-US","@id":"https:\/\/crjm.org\/#\/schema\/logo\/image\/","url":"https:\/\/crjm.org\/wp-content\/uploads\/2021\/09\/logo-RO-complet-2.png","contentUrl":"https:\/\/crjm.org\/wp-content\/uploads\/2021\/09\/logo-RO-complet-2.png","width":1287,"height":276,"caption":"CRJM"},"image":{"@id":"https:\/\/crjm.org\/#\/schema\/logo\/image\/"}},{"@type":"Person","@id":"https:\/\/crjm.org\/#\/schema\/person\/49a6a1e678c637cd70f78c1fabe59e01","name":"Stanciu Daniel","image":{"@type":"ImageObject","inLanguage":"en-US","@id":"https:\/\/crjm.org\/#\/schema\/person\/image\/","url":"https:\/\/secure.gravatar.com\/avatar\/b0083c7ea91f92c48ddffd0cbe92c3d0?s=96&d=mm&r=g","contentUrl":"https:\/\/secure.gravatar.com\/avatar\/b0083c7ea91f92c48ddffd0cbe92c3d0?s=96&d=mm&r=g","caption":"Stanciu Daniel"},"url":"https:\/\/crjm.org\/en\/author\/daniel-stanciu\/"}]}},"rttpg_featured_image_url":{"full":["https:\/\/crjm.org\/wp-content\/uploads\/2015\/03\/Cover_RO_CRJM-Raport-CtEDO-31.03..png",1260,1890,false],"landscape":["https:\/\/crjm.org\/wp-content\/uploads\/2015\/03\/Cover_RO_CRJM-Raport-CtEDO-31.03..png",1260,1890,false],"portraits":["https:\/\/crjm.org\/wp-content\/uploads\/2015\/03\/Cover_RO_CRJM-Raport-CtEDO-31.03..png",1260,1890,false],"thumbnail":["https:\/\/crjm.org\/wp-content\/uploads\/2015\/03\/Cover_RO_CRJM-Raport-CtEDO-31.03.-100x150.png",100,150,true],"medium":["https:\/\/crjm.org\/wp-content\/uploads\/2015\/03\/Cover_RO_CRJM-Raport-CtEDO-31.03.-300x450.png",300,450,true],"large":["https:\/\/crjm.org\/wp-content\/uploads\/2015\/03\/Cover_RO_CRJM-Raport-CtEDO-31.03.-683x1024.png",683,1024,true],"thumblist":["https:\/\/crjm.org\/wp-content\/uploads\/2015\/03\/Cover_RO_CRJM-Raport-CtEDO-31.03.-300x300.png",300,300,true],"thumbrelated":["https:\/\/crjm.org\/wp-content\/uploads\/2015\/03\/Cover_RO_CRJM-Raport-CtEDO-31.03..png",333,500,false],"meccarouselthumb":["https:\/\/crjm.org\/wp-content\/uploads\/2015\/03\/Cover_RO_CRJM-Raport-CtEDO-31.03.-474x324.png",474,324,true],"gridsquare":["https:\/\/crjm.org\/wp-content\/uploads\/2015\/03\/Cover_RO_CRJM-Raport-CtEDO-31.03.-391x260.png",391,260,true],"tileview":["https:\/\/crjm.org\/wp-content\/uploads\/2015\/03\/Cover_RO_CRJM-Raport-CtEDO-31.03.-300x400.png",300,400,true],"1536x1536":["https:\/\/crjm.org\/wp-content\/uploads\/2015\/03\/Cover_RO_CRJM-Raport-CtEDO-31.03.-1024x1536.png",1024,1536,true],"2048x2048":["https:\/\/crjm.org\/wp-content\/uploads\/2015\/03\/Cover_RO_CRJM-Raport-CtEDO-31.03..png",1260,1890,false],"woocommerce_thumbnail":["https:\/\/crjm.org\/wp-content\/uploads\/2015\/03\/Cover_RO_CRJM-Raport-CtEDO-31.03.-300x300.png",300,300,true],"woocommerce_single":["https:\/\/crjm.org\/wp-content\/uploads\/2015\/03\/Cover_RO_CRJM-Raport-CtEDO-31.03.-600x900.png",600,900,true],"woocommerce_gallery_thumbnail":["https:\/\/crjm.org\/wp-content\/uploads\/2015\/03\/Cover_RO_CRJM-Raport-CtEDO-31.03.-100x100.png",100,100,true]},"rttpg_author":{"display_name":"Stanciu Daniel","author_link":"https:\/\/crjm.org\/en\/author\/daniel-stanciu\/"},"rttpg_comment":0,"rttpg_category":"<a href=\"https:\/\/crjm.org\/en\/category\/publications-en\/research-lrcm\/human-rights\/\" rel=\"category tag\">Human Rights<\/a> <a href=\"https:\/\/crjm.org\/en\/category\/publications-en\/\" rel=\"category tag\">Publications<\/a> <a href=\"https:\/\/crjm.org\/en\/category\/publications-en\/research-lrcm\/\" rel=\"category tag\">Research LRCM<\/a>","rttpg_excerpt":"DESCARC\u0102 | ENGLISH VERSION","_links":{"self":[{"href":"https:\/\/crjm.org\/en\/wp-json\/wp\/v2\/posts\/12682","targetHints":{"allow":["GET"]}}],"collection":[{"href":"https:\/\/crjm.org\/en\/wp-json\/wp\/v2\/posts"}],"about":[{"href":"https:\/\/crjm.org\/en\/wp-json\/wp\/v2\/types\/post"}],"author":[{"embeddable":true,"href":"https:\/\/crjm.org\/en\/wp-json\/wp\/v2\/users\/5"}],"replies":[{"embeddable":true,"href":"https:\/\/crjm.org\/en\/wp-json\/wp\/v2\/comments?post=12682"}],"version-history":[{"count":1,"href":"https:\/\/crjm.org\/en\/wp-json\/wp\/v2\/posts\/12682\/revisions"}],"predecessor-version":[{"id":25754,"href":"https:\/\/crjm.org\/en\/wp-json\/wp\/v2\/posts\/12682\/revisions\/25754"}],"wp:featuredmedia":[{"embeddable":true,"href":"https:\/\/crjm.org\/en\/wp-json\/wp\/v2\/media\/12680"}],"wp:attachment":[{"href":"https:\/\/crjm.org\/en\/wp-json\/wp\/v2\/media?parent=12682"}],"wp:term":[{"taxonomy":"category","embeddable":true,"href":"https:\/\/crjm.org\/en\/wp-json\/wp\/v2\/categories?post=12682"},{"taxonomy":"post_tag","embeddable":true,"href":"https:\/\/crjm.org\/en\/wp-json\/wp\/v2\/tags?post=12682"}],"curies":[{"name":"wp","href":"https:\/\/api.w.org\/{rel}","templated":true}]}}